{"id":584,"date":"2014-02-07T11:40:49","date_gmt":"2014-02-07T10:40:49","guid":{"rendered":"http:\/\/projectes.fundesplai.org\/capmenjaralabrossa\/?p=584"},"modified":"2014-02-07T11:40:49","modified_gmt":"2014-02-07T10:40:49","slug":"estrena-dels-video-espots-cap-menjar-a-la-brossa","status":"publish","type":"post","link":"https:\/\/fundesplai.org\/capmenjaralabrossa\/2014\/02\/07\/estrena-dels-video-espots-cap-menjar-a-la-brossa\/","title":{"rendered":"Estrena dels v\u00eddeo espots Cap Menjar a la Brossa!"},"content":{"rendered":"<p><strong>Data: divendres 7 de febrer<\/strong><\/p>\n<p><strong>Lloc: Auditori del Centre Cultural la B\u00f2bila. Pla\u00e7a la B\u00f2bila, l&#8217;Hospitalet de Llobregat.<\/strong><\/p>\n<p><strong>Hora: 19:30h<\/strong><\/p>\n<p>Esteu convidats i convidades a la projecci\u00f3 dels v\u00eddeos anuncis produ\u00efts pels grups de joves de l&#8217;Esplai Tricicle (Sant Joan Desp\u00ed), Esplai Espurnes (Esplugues de Llobregat) i Club d&#8217;Esplai Pubilla Cases-Can Vidalet (Esplugues de Llobregat i Hospitalet de Llobregat).<\/p>\n<p>Les tres produccions, que pretenen ser un instrument de sensibilitzaci\u00f3 al voltant del malbaratament alimentari dins d&#8217;aquesta campanya, han comptat amb la col\u00b7laboraci\u00f3 de l&#8217;associaci\u00f3 M\u00e8lies i el suport del Departament de Cultura.<\/p>\n<p><strong>Us esperem!<\/strong><\/p>\n","protected":false},"excerpt":{"rendered":"<p>Data: divendres 7 de febrer Lloc: Auditori del Centre Cultural la B\u00f2bila. Pla\u00e7a la B\u00f2bila, l&#8217;Hospitalet de Llobregat. Hora: 19:30h Esteu convidats i convidades a la projecci\u00f3 dels v\u00eddeos anuncis produ\u00efts pels grups de joves de l&#8217;Esplai Tricicle (Sant Joan Desp\u00ed), Esplai Espurnes (Esplugues de Llobregat) i Club d&#8217;Esplai Pubilla Cases-Can Vidalet (Esplugues de Llobregat [&hellip;]<\/p>\n","protected":false},"author":4,"featured_media":586,"comment_status":"open","ping_status":"open","sticky":false,"template":"","format":"standard","meta":{"_et_pb_use_builder":"","_et_pb_old_content":"","_et_gb_content_width":"","footnotes":""},"categories":[10],"tags":[],"class_list":["post-584","post","type-post","status-publish","format-standard","has-post-thumbnail","hentry","category-presentacio"],"yoast_head":"<!-- This site is optimized with the Yoast SEO plugin v27.5 - https:\/\/yoast.com\/product\/yoast-seo-wordpress\/ -->\n<title>Estrena dels v\u00eddeo espots Cap Menjar a la Brossa! - Cap Menjar a la Brossa<\/title>\n<meta name=\"robots\" content=\"index, follow, max-snippet:-1, max-image-preview:large, max-video-preview:-1\" \/>\n<link rel=\"canonical\" href=\"https:\/\/fundesplai.org\/capmenjaralabrossa\/2014\/02\/07\/estrena-dels-video-espots-cap-menjar-a-la-brossa\/\" \/>\n<meta property=\"og:locale\" content=\"ca_ES\" \/>\n<meta property=\"og:type\" content=\"article\" \/>\n<meta property=\"og:title\" content=\"Estrena dels v\u00eddeo espots Cap Menjar a la Brossa! - Cap Menjar a la Brossa\" \/>\n<meta property=\"og:description\" content=\"Data: divendres 7 de febrer Lloc: Auditori del Centre Cultural la B\u00f2bila. Pla\u00e7a la B\u00f2bila, l&#8217;Hospitalet de Llobregat. Hora: 19:30h Esteu convidats i convidades a la projecci\u00f3 dels v\u00eddeos anuncis produ\u00efts pels grups de joves de l&#8217;Esplai Tricicle (Sant Joan Desp\u00ed), Esplai Espurnes (Esplugues de Llobregat) i Club d&#8217;Esplai Pubilla Cases-Can Vidalet (Esplugues de Llobregat [&hellip;]\" \/>\n<meta property=\"og:url\" content=\"https:\/\/fundesplai.org\/capmenjaralabrossa\/2014\/02\/07\/estrena-dels-video-espots-cap-menjar-a-la-brossa\/\" \/>\n<meta property=\"og:site_name\" content=\"Cap Menjar a la Brossa\" \/>\n<meta property=\"article:published_time\" content=\"2014-02-07T10:40:49+00:00\" \/>\n<meta property=\"og:image\" content=\"https:\/\/fundesplai.org\/capmenjaralabrossa\/wp-content\/uploads\/sites\/11\/2014\/02\/foto-estrena.png\" \/>\n\t<meta property=\"og:image:width\" content=\"230\" \/>\n\t<meta property=\"og:image:height\" content=\"399\" \/>\n\t<meta property=\"og:image:type\" content=\"image\/png\" \/>\n<meta name=\"author\" content=\"Ferran\" \/>\n<meta name=\"twitter:card\" content=\"summary_large_image\" \/>\n<meta name=\"twitter:label1\" content=\"Escrit per\" \/>\n\t<meta name=\"twitter:data1\" content=\"Ferran\" \/>\n\t<meta name=\"twitter:label2\" content=\"Temps estimat de lectura\" \/>\n\t<meta name=\"twitter:data2\" content=\"1 minut\" \/>\n<script type=\"application\/ld+json\" class=\"yoast-schema-graph\">{\"@context\":\"https:\\\/\\\/schema.org\",\"@graph\":[{\"@type\":\"Article\",\"@id\":\"https:\\\/\\\/fundesplai.org\\\/capmenjaralabrossa\\\/2014\\\/02\\\/07\\\/estrena-dels-video-espots-cap-menjar-a-la-brossa\\\/#article\",\"isPartOf\":{\"@id\":\"https:\\\/\\\/fundesplai.org\\\/capmenjaralabrossa\\\/2014\\\/02\\\/07\\\/estrena-dels-video-espots-cap-menjar-a-la-brossa\\\/\"},\"author\":{\"name\":\"Ferran\",\"@id\":\"https:\\\/\\\/fundesplai.org\\\/capmenjaralabrossa\\\/#\\\/schema\\\/person\\\/67e7825d8ec54561cc24e36ba6b0f633\"},\"headline\":\"Estrena dels v\u00eddeo espots Cap Menjar a la Brossa!\",\"datePublished\":\"2014-02-07T10:40:49+00:00\",\"mainEntityOfPage\":{\"@id\":\"https:\\\/\\\/fundesplai.org\\\/capmenjaralabrossa\\\/2014\\\/02\\\/07\\\/estrena-dels-video-espots-cap-menjar-a-la-brossa\\\/\"},\"wordCount\":115,\"commentCount\":0,\"image\":{\"@id\":\"https:\\\/\\\/fundesplai.org\\\/capmenjaralabrossa\\\/2014\\\/02\\\/07\\\/estrena-dels-video-espots-cap-menjar-a-la-brossa\\\/#primaryimage\"},\"thumbnailUrl\":\"https:\\\/\\\/fundesplai.org\\\/capmenjaralabrossa\\\/wp-content\\\/uploads\\\/sites\\\/11\\\/2014\\\/02\\\/foto-estrena.png\",\"articleSection\":[\"Presentaci\u00f3\"],\"inLanguage\":\"ca\",\"potentialAction\":[{\"@type\":\"CommentAction\",\"name\":\"Comment\",\"target\":[\"https:\\\/\\\/fundesplai.org\\\/capmenjaralabrossa\\\/2014\\\/02\\\/07\\\/estrena-dels-video-espots-cap-menjar-a-la-brossa\\\/#respond\"]}]},{\"@type\":\"WebPage\",\"@id\":\"https:\\\/\\\/fundesplai.org\\\/capmenjaralabrossa\\\/2014\\\/02\\\/07\\\/estrena-dels-video-espots-cap-menjar-a-la-brossa\\\/\",\"url\":\"https:\\\/\\\/fundesplai.org\\\/capmenjaralabrossa\\\/2014\\\/02\\\/07\\\/estrena-dels-video-espots-cap-menjar-a-la-brossa\\\/\",\"name\":\"Estrena dels v\u00eddeo espots Cap Menjar a la Brossa! - Cap Menjar a la Brossa\",\"isPartOf\":{\"@id\":\"https:\\\/\\\/fundesplai.org\\\/capmenjaralabrossa\\\/#website\"},\"primaryImageOfPage\":{\"@id\":\"https:\\\/\\\/fundesplai.org\\\/capmenjaralabrossa\\\/2014\\\/02\\\/07\\\/estrena-dels-video-espots-cap-menjar-a-la-brossa\\\/#primaryimage\"},\"image\":{\"@id\":\"https:\\\/\\\/fundesplai.org\\\/capmenjaralabrossa\\\/2014\\\/02\\\/07\\\/estrena-dels-video-espots-cap-menjar-a-la-brossa\\\/#primaryimage\"},\"thumbnailUrl\":\"https:\\\/\\\/fundesplai.org\\\/capmenjaralabrossa\\\/wp-content\\\/uploads\\\/sites\\\/11\\\/2014\\\/02\\\/foto-estrena.png\",\"datePublished\":\"2014-02-07T10:40:49+00:00\",\"author\":{\"@id\":\"https:\\\/\\\/fundesplai.org\\\/capmenjaralabrossa\\\/#\\\/schema\\\/person\\\/67e7825d8ec54561cc24e36ba6b0f633\"},\"breadcrumb\":{\"@id\":\"https:\\\/\\\/fundesplai.org\\\/capmenjaralabrossa\\\/2014\\\/02\\\/07\\\/estrena-dels-video-espots-cap-menjar-a-la-brossa\\\/#breadcrumb\"},\"inLanguage\":\"ca\",\"potentialAction\":[{\"@type\":\"ReadAction\",\"target\":[\"https:\\\/\\\/fundesplai.org\\\/capmenjaralabrossa\\\/2014\\\/02\\\/07\\\/estrena-dels-video-espots-cap-menjar-a-la-brossa\\\/\"]}]},{\"@type\":\"ImageObject\",\"inLanguage\":\"ca\",\"@id\":\"https:\\\/\\\/fundesplai.org\\\/capmenjaralabrossa\\\/2014\\\/02\\\/07\\\/estrena-dels-video-espots-cap-menjar-a-la-brossa\\\/#primaryimage\",\"url\":\"https:\\\/\\\/fundesplai.org\\\/capmenjaralabrossa\\\/wp-content\\\/uploads\\\/sites\\\/11\\\/2014\\\/02\\\/foto-estrena.png\",\"contentUrl\":\"https:\\\/\\\/fundesplai.org\\\/capmenjaralabrossa\\\/wp-content\\\/uploads\\\/sites\\\/11\\\/2014\\\/02\\\/foto-estrena.png\",\"width\":230,\"height\":399},{\"@type\":\"BreadcrumbList\",\"@id\":\"https:\\\/\\\/fundesplai.org\\\/capmenjaralabrossa\\\/2014\\\/02\\\/07\\\/estrena-dels-video-espots-cap-menjar-a-la-brossa\\\/#breadcrumb\",\"itemListElement\":[{\"@type\":\"ListItem\",\"position\":1,\"name\":\"Inici\",\"item\":\"\\\/\"},{\"@type\":\"ListItem\",\"position\":2,\"name\":\"Cap Menjar a la Brossa\",\"item\":\"https:\\\/\\\/fundesplai.org\\\/capmenjaralabrossa\"},{\"@type\":\"ListItem\",\"position\":3,\"name\":\"Estrena dels v\u00eddeo espots Cap Menjar a la Brossa!\"}]},{\"@type\":\"WebSite\",\"@id\":\"https:\\\/\\\/fundesplai.org\\\/capmenjaralabrossa\\\/#website\",\"url\":\"https:\\\/\\\/fundesplai.org\\\/capmenjaralabrossa\\\/\",\"name\":\"Cap Menjar a la Brossa\",\"description\":\"Proposta educativa de Fundesplai\",\"potentialAction\":[{\"@type\":\"SearchAction\",\"target\":{\"@type\":\"EntryPoint\",\"urlTemplate\":\"https:\\\/\\\/fundesplai.org\\\/capmenjaralabrossa\\\/?s={search_term_string}\"},\"query-input\":{\"@type\":\"PropertyValueSpecification\",\"valueRequired\":true,\"valueName\":\"search_term_string\"}}],\"inLanguage\":\"ca\"},{\"@type\":\"Person\",\"@id\":\"https:\\\/\\\/fundesplai.org\\\/capmenjaralabrossa\\\/#\\\/schema\\\/person\\\/67e7825d8ec54561cc24e36ba6b0f633\",\"name\":\"Ferran\",\"image\":{\"@type\":\"ImageObject\",\"inLanguage\":\"ca\",\"@id\":\"https:\\\/\\\/secure.gravatar.com\\\/avatar\\\/a3510350976b58aae6eccd1e36f066b660a69ef63f97fde3cba8205db7db816a?s=96&d=mm&r=g\",\"url\":\"https:\\\/\\\/secure.gravatar.com\\\/avatar\\\/a3510350976b58aae6eccd1e36f066b660a69ef63f97fde3cba8205db7db816a?s=96&d=mm&r=g\",\"contentUrl\":\"https:\\\/\\\/secure.gravatar.com\\\/avatar\\\/a3510350976b58aae6eccd1e36f066b660a69ef63f97fde3cba8205db7db816a?s=96&d=mm&r=g\",\"caption\":\"Ferran\"},\"url\":\"https:\\\/\\\/fundesplai.org\\\/capmenjaralabrossa\\\/author\\\/fvidal\\\/\"}]}<\/script>\n<!-- \/ Yoast SEO plugin. -->","yoast_head_json":{"title":"Estrena dels v\u00eddeo espots Cap Menjar a la Brossa! - Cap Menjar a la Brossa","robots":{"index":"index","follow":"follow","max-snippet":"max-snippet:-1","max-image-preview":"max-image-preview:large","max-video-preview":"max-video-preview:-1"},"canonical":"https:\/\/fundesplai.org\/capmenjaralabrossa\/2014\/02\/07\/estrena-dels-video-espots-cap-menjar-a-la-brossa\/","og_locale":"ca_ES","og_type":"article","og_title":"Estrena dels v\u00eddeo espots Cap Menjar a la Brossa! - Cap Menjar a la Brossa","og_description":"Data: divendres 7 de febrer Lloc: Auditori del Centre Cultural la B\u00f2bila. Pla\u00e7a la B\u00f2bila, l&#8217;Hospitalet de Llobregat. Hora: 19:30h Esteu convidats i convidades a la projecci\u00f3 dels v\u00eddeos anuncis produ\u00efts pels grups de joves de l&#8217;Esplai Tricicle (Sant Joan Desp\u00ed), Esplai Espurnes (Esplugues de Llobregat) i Club d&#8217;Esplai Pubilla Cases-Can Vidalet (Esplugues de Llobregat [&hellip;]","og_url":"https:\/\/fundesplai.org\/capmenjaralabrossa\/2014\/02\/07\/estrena-dels-video-espots-cap-menjar-a-la-brossa\/","og_site_name":"Cap Menjar a la Brossa","article_published_time":"2014-02-07T10:40:49+00:00","og_image":[{"width":230,"height":399,"url":"https:\/\/fundesplai.org\/capmenjaralabrossa\/wp-content\/uploads\/sites\/11\/2014\/02\/foto-estrena.png","type":"image\/png"}],"author":"Ferran","twitter_card":"summary_large_image","twitter_misc":{"Escrit per":"Ferran","Temps estimat de lectura":"1 minut"},"schema":{"@context":"https:\/\/schema.org","@graph":[{"@type":"Article","@id":"https:\/\/fundesplai.org\/capmenjaralabrossa\/2014\/02\/07\/estrena-dels-video-espots-cap-menjar-a-la-brossa\/#article","isPartOf":{"@id":"https:\/\/fundesplai.org\/capmenjaralabrossa\/2014\/02\/07\/estrena-dels-video-espots-cap-menjar-a-la-brossa\/"},"author":{"name":"Ferran","@id":"https:\/\/fundesplai.org\/capmenjaralabrossa\/#\/schema\/person\/67e7825d8ec54561cc24e36ba6b0f633"},"headline":"Estrena dels v\u00eddeo espots Cap Menjar a la Brossa!","datePublished":"2014-02-07T10:40:49+00:00","mainEntityOfPage":{"@id":"https:\/\/fundesplai.org\/capmenjaralabrossa\/2014\/02\/07\/estrena-dels-video-espots-cap-menjar-a-la-brossa\/"},"wordCount":115,"commentCount":0,"image":{"@id":"https:\/\/fundesplai.org\/capmenjaralabrossa\/2014\/02\/07\/estrena-dels-video-espots-cap-menjar-a-la-brossa\/#primaryimage"},"thumbnailUrl":"https:\/\/fundesplai.org\/capmenjaralabrossa\/wp-content\/uploads\/sites\/11\/2014\/02\/foto-estrena.png","articleSection":["Presentaci\u00f3"],"inLanguage":"ca","potentialAction":[{"@type":"CommentAction","name":"Comment","target":["https:\/\/fundesplai.org\/capmenjaralabrossa\/2014\/02\/07\/estrena-dels-video-espots-cap-menjar-a-la-brossa\/#respond"]}]},{"@type":"WebPage","@id":"https:\/\/fundesplai.org\/capmenjaralabrossa\/2014\/02\/07\/estrena-dels-video-espots-cap-menjar-a-la-brossa\/","url":"https:\/\/fundesplai.org\/capmenjaralabrossa\/2014\/02\/07\/estrena-dels-video-espots-cap-menjar-a-la-brossa\/","name":"Estrena dels v\u00eddeo espots Cap Menjar a la Brossa! - Cap Menjar a la Brossa","isPartOf":{"@id":"https:\/\/fundesplai.org\/capmenjaralabrossa\/#website"},"primaryImageOfPage":{"@id":"https:\/\/fundesplai.org\/capmenjaralabrossa\/2014\/02\/07\/estrena-dels-video-espots-cap-menjar-a-la-brossa\/#primaryimage"},"image":{"@id":"https:\/\/fundesplai.org\/capmenjaralabrossa\/2014\/02\/07\/estrena-dels-video-espots-cap-menjar-a-la-brossa\/#primaryimage"},"thumbnailUrl":"https:\/\/fundesplai.org\/capmenjaralabrossa\/wp-content\/uploads\/sites\/11\/2014\/02\/foto-estrena.png","datePublished":"2014-02-07T10:40:49+00:00","author":{"@id":"https:\/\/fundesplai.org\/capmenjaralabrossa\/#\/schema\/person\/67e7825d8ec54561cc24e36ba6b0f633"},"breadcrumb":{"@id":"https:\/\/fundesplai.org\/capmenjaralabrossa\/2014\/02\/07\/estrena-dels-video-espots-cap-menjar-a-la-brossa\/#breadcrumb"},"inLanguage":"ca","potentialAction":[{"@type":"ReadAction","target":["https:\/\/fundesplai.org\/capmenjaralabrossa\/2014\/02\/07\/estrena-dels-video-espots-cap-menjar-a-la-brossa\/"]}]},{"@type":"ImageObject","inLanguage":"ca","@id":"https:\/\/fundesplai.org\/capmenjaralabrossa\/2014\/02\/07\/estrena-dels-video-espots-cap-menjar-a-la-brossa\/#primaryimage","url":"https:\/\/fundesplai.org\/capmenjaralabrossa\/wp-content\/uploads\/sites\/11\/2014\/02\/foto-estrena.png","contentUrl":"https:\/\/fundesplai.org\/capmenjaralabrossa\/wp-content\/uploads\/sites\/11\/2014\/02\/foto-estrena.png","width":230,"height":399},{"@type":"BreadcrumbList","@id":"https:\/\/fundesplai.org\/capmenjaralabrossa\/2014\/02\/07\/estrena-dels-video-espots-cap-menjar-a-la-brossa\/#breadcrumb","itemListElement":[{"@type":"ListItem","position":1,"name":"Inici","item":"\/"},{"@type":"ListItem","position":2,"name":"Cap Menjar a la Brossa","item":"https:\/\/fundesplai.org\/capmenjaralabrossa"},{"@type":"ListItem","position":3,"name":"Estrena dels v\u00eddeo espots Cap Menjar a la Brossa!"}]},{"@type":"WebSite","@id":"https:\/\/fundesplai.org\/capmenjaralabrossa\/#website","url":"https:\/\/fundesplai.org\/capmenjaralabrossa\/","name":"Cap Menjar a la Brossa","description":"Proposta educativa de Fundesplai","potentialAction":[{"@type":"SearchAction","target":{"@type":"EntryPoint","urlTemplate":"https:\/\/fundesplai.org\/capmenjaralabrossa\/?s={search_term_string}"},"query-input":{"@type":"PropertyValueSpecification","valueRequired":true,"valueName":"search_term_string"}}],"inLanguage":"ca"},{"@type":"Person","@id":"https:\/\/fundesplai.org\/capmenjaralabrossa\/#\/schema\/person\/67e7825d8ec54561cc24e36ba6b0f633","name":"Ferran","image":{"@type":"ImageObject","inLanguage":"ca","@id":"https:\/\/secure.gravatar.com\/avatar\/a3510350976b58aae6eccd1e36f066b660a69ef63f97fde3cba8205db7db816a?s=96&d=mm&r=g","url":"https:\/\/secure.gravatar.com\/avatar\/a3510350976b58aae6eccd1e36f066b660a69ef63f97fde3cba8205db7db816a?s=96&d=mm&r=g","contentUrl":"https:\/\/secure.gravatar.com\/avatar\/a3510350976b58aae6eccd1e36f066b660a69ef63f97fde3cba8205db7db816a?s=96&d=mm&r=g","caption":"Ferran"},"url":"https:\/\/fundesplai.org\/capmenjaralabrossa\/author\/fvidal\/"}]}},"_links":{"self":[{"href":"https:\/\/fundesplai.org\/capmenjaralabrossa\/wp-json\/wp\/v2\/posts\/584","targetHints":{"allow":["GET"]}}],"collection":[{"href":"https:\/\/fundesplai.org\/capmenjaralabrossa\/wp-json\/wp\/v2\/posts"}],"about":[{"href":"https:\/\/fundesplai.org\/capmenjaralabrossa\/wp-json\/wp\/v2\/types\/post"}],"author":[{"embeddable":true,"href":"https:\/\/fundesplai.org\/capmenjaralabrossa\/wp-json\/wp\/v2\/users\/4"}],"replies":[{"embeddable":true,"href":"https:\/\/fundesplai.org\/capmenjaralabrossa\/wp-json\/wp\/v2\/comments?post=584"}],"version-history":[{"count":0,"href":"https:\/\/fundesplai.org\/capmenjaralabrossa\/wp-json\/wp\/v2\/posts\/584\/revisions"}],"wp:featuredmedia":[{"embeddable":true,"href":"https:\/\/fundesplai.org\/capmenjaralabrossa\/wp-json\/wp\/v2\/media\/586"}],"wp:attachment":[{"href":"https:\/\/fundesplai.org\/capmenjaralabrossa\/wp-json\/wp\/v2\/media?parent=584"}],"wp:term":[{"taxonomy":"category","embeddable":true,"href":"https:\/\/fundesplai.org\/capmenjaralabrossa\/wp-json\/wp\/v2\/categories?post=584"},{"taxonomy":"post_tag","embeddable":true,"href":"https:\/\/fundesplai.org\/capmenjaralabrossa\/wp-json\/wp\/v2\/tags?post=584"}],"curies":[{"name":"wp","href":"https:\/\/api.w.org\/{rel}","templated":true}]}}