{"id":397,"date":"2013-11-22T13:00:20","date_gmt":"2013-11-22T12:00:20","guid":{"rendered":"http:\/\/projectes.fundesplai.org\/capmenjaralabrossa\/?p=397"},"modified":"2013-11-22T13:00:20","modified_gmt":"2013-11-22T12:00:20","slug":"lart-de-repartir-el-pastis-xerrada-per-families","status":"publish","type":"post","link":"https:\/\/fundesplai.org\/capmenjaralabrossa\/2013\/11\/22\/lart-de-repartir-el-pastis-xerrada-per-families\/","title":{"rendered":"L&#8217;art de repartir el past\u00eds. Xerrada per a fam\u00edlies."},"content":{"rendered":"<p>Els esplais organitzen xerrades sobre consum per reflexionar al voltant de l&#8217;economia dom\u00e8stica. Forma part de la primera fase de la campanya, de formaci\u00f3 . Aquestes xerrades s&#8217;adrecen principalment a les fam\u00edlies.<\/p>\n<p>La primera xerrada: &#8220;l&#8217;art de repartir el past\u00eds&#8221;, \u00a0tindr\u00e0 lloc el proper 27 de novembre, de 19:00 a 20:30h i est\u00e0 organitzada per l&#8217;esplai el Nus i l&#8217;esplai el Tricicle de Sant Joan Desp\u00ed. Amb la col\u00b7laboraci\u00f3 de l&#8217;equip del CRIC.<\/p>\n<p>Per a m\u00e9s informaci\u00f3 descarrega&#8217;t el <a href=\"https:\/\/projectes.fundesplai.org\/capmenjaralabrossa\/2013\/11\/22\/lart-de-repartir-el-pastis-xerrada-per-families\/xerrada-families2\/\">cartell<\/a><\/p>\n<p>&nbsp;<\/p>\n<p>&nbsp;<\/p>\n","protected":false},"excerpt":{"rendered":"<p>Els esplais organitzen xerrades sobre consum per reflexionar al voltant de l&#8217;economia dom\u00e8stica. Forma part de la primera fase de la campanya, de formaci\u00f3 . Aquestes xerrades s&#8217;adrecen principalment a les fam\u00edlies. La primera xerrada: &#8220;l&#8217;art de repartir el past\u00eds&#8221;, \u00a0tindr\u00e0 lloc el proper 27 de novembre, de 19:00 a 20:30h i est\u00e0 organitzada per [&hellip;]<\/p>\n","protected":false},"author":4,"featured_media":398,"comment_status":"open","ping_status":"open","sticky":false,"template":"","format":"standard","meta":{"_et_pb_use_builder":"","_et_pb_old_content":"","_et_gb_content_width":"","footnotes":""},"categories":[10],"tags":[],"class_list":["post-397","post","type-post","status-publish","format-standard","has-post-thumbnail","hentry","category-presentacio"],"yoast_head":"<!-- This site is optimized with the Yoast SEO plugin v27.5 - https:\/\/yoast.com\/product\/yoast-seo-wordpress\/ -->\n<title>L&#039;art de repartir el past\u00eds. Xerrada per a fam\u00edlies. - Cap Menjar a la Brossa<\/title>\n<meta name=\"robots\" content=\"index, follow, max-snippet:-1, max-image-preview:large, max-video-preview:-1\" \/>\n<link rel=\"canonical\" href=\"https:\/\/fundesplai.org\/capmenjaralabrossa\/2013\/11\/22\/lart-de-repartir-el-pastis-xerrada-per-families\/\" \/>\n<meta property=\"og:locale\" content=\"ca_ES\" \/>\n<meta property=\"og:type\" content=\"article\" \/>\n<meta property=\"og:title\" content=\"L&#039;art de repartir el past\u00eds. Xerrada per a fam\u00edlies. - Cap Menjar a la Brossa\" \/>\n<meta property=\"og:description\" content=\"Els esplais organitzen xerrades sobre consum per reflexionar al voltant de l&#8217;economia dom\u00e8stica. Forma part de la primera fase de la campanya, de formaci\u00f3 . Aquestes xerrades s&#8217;adrecen principalment a les fam\u00edlies. La primera xerrada: &#8220;l&#8217;art de repartir el past\u00eds&#8221;, \u00a0tindr\u00e0 lloc el proper 27 de novembre, de 19:00 a 20:30h i est\u00e0 organitzada per [&hellip;]\" \/>\n<meta property=\"og:url\" content=\"https:\/\/fundesplai.org\/capmenjaralabrossa\/2013\/11\/22\/lart-de-repartir-el-pastis-xerrada-per-families\/\" \/>\n<meta property=\"og:site_name\" content=\"Cap Menjar a la Brossa\" \/>\n<meta property=\"article:published_time\" content=\"2013-11-22T12:00:20+00:00\" \/>\n<meta property=\"og:image\" content=\"https:\/\/fundesplai.org\/capmenjaralabrossa\/wp-content\/uploads\/sites\/11\/2013\/11\/xerrada-families2.jpg\" \/>\n\t<meta property=\"og:image:width\" content=\"439\" \/>\n\t<meta property=\"og:image:height\" content=\"621\" \/>\n\t<meta property=\"og:image:type\" content=\"image\/jpeg\" \/>\n<meta name=\"author\" content=\"Ferran\" \/>\n<meta name=\"twitter:card\" content=\"summary_large_image\" \/>\n<meta name=\"twitter:label1\" content=\"Escrit per\" \/>\n\t<meta name=\"twitter:data1\" content=\"Ferran\" \/>\n<script type=\"application\/ld+json\" class=\"yoast-schema-graph\">{\"@context\":\"https:\\\/\\\/schema.org\",\"@graph\":[{\"@type\":\"Article\",\"@id\":\"https:\\\/\\\/fundesplai.org\\\/capmenjaralabrossa\\\/2013\\\/11\\\/22\\\/lart-de-repartir-el-pastis-xerrada-per-families\\\/#article\",\"isPartOf\":{\"@id\":\"https:\\\/\\\/fundesplai.org\\\/capmenjaralabrossa\\\/2013\\\/11\\\/22\\\/lart-de-repartir-el-pastis-xerrada-per-families\\\/\"},\"author\":{\"name\":\"Ferran\",\"@id\":\"https:\\\/\\\/fundesplai.org\\\/capmenjaralabrossa\\\/#\\\/schema\\\/person\\\/67e7825d8ec54561cc24e36ba6b0f633\"},\"headline\":\"L&#8217;art de repartir el past\u00eds. Xerrada per a fam\u00edlies.\",\"datePublished\":\"2013-11-22T12:00:20+00:00\",\"mainEntityOfPage\":{\"@id\":\"https:\\\/\\\/fundesplai.org\\\/capmenjaralabrossa\\\/2013\\\/11\\\/22\\\/lart-de-repartir-el-pastis-xerrada-per-families\\\/\"},\"wordCount\":103,\"commentCount\":0,\"image\":{\"@id\":\"https:\\\/\\\/fundesplai.org\\\/capmenjaralabrossa\\\/2013\\\/11\\\/22\\\/lart-de-repartir-el-pastis-xerrada-per-families\\\/#primaryimage\"},\"thumbnailUrl\":\"https:\\\/\\\/fundesplai.org\\\/capmenjaralabrossa\\\/wp-content\\\/uploads\\\/sites\\\/11\\\/2013\\\/11\\\/xerrada-families2.jpg\",\"articleSection\":[\"Presentaci\u00f3\"],\"inLanguage\":\"ca\",\"potentialAction\":[{\"@type\":\"CommentAction\",\"name\":\"Comment\",\"target\":[\"https:\\\/\\\/fundesplai.org\\\/capmenjaralabrossa\\\/2013\\\/11\\\/22\\\/lart-de-repartir-el-pastis-xerrada-per-families\\\/#respond\"]}]},{\"@type\":\"WebPage\",\"@id\":\"https:\\\/\\\/fundesplai.org\\\/capmenjaralabrossa\\\/2013\\\/11\\\/22\\\/lart-de-repartir-el-pastis-xerrada-per-families\\\/\",\"url\":\"https:\\\/\\\/fundesplai.org\\\/capmenjaralabrossa\\\/2013\\\/11\\\/22\\\/lart-de-repartir-el-pastis-xerrada-per-families\\\/\",\"name\":\"L'art de repartir el past\u00eds. Xerrada per a fam\u00edlies. - Cap Menjar a la Brossa\",\"isPartOf\":{\"@id\":\"https:\\\/\\\/fundesplai.org\\\/capmenjaralabrossa\\\/#website\"},\"primaryImageOfPage\":{\"@id\":\"https:\\\/\\\/fundesplai.org\\\/capmenjaralabrossa\\\/2013\\\/11\\\/22\\\/lart-de-repartir-el-pastis-xerrada-per-families\\\/#primaryimage\"},\"image\":{\"@id\":\"https:\\\/\\\/fundesplai.org\\\/capmenjaralabrossa\\\/2013\\\/11\\\/22\\\/lart-de-repartir-el-pastis-xerrada-per-families\\\/#primaryimage\"},\"thumbnailUrl\":\"https:\\\/\\\/fundesplai.org\\\/capmenjaralabrossa\\\/wp-content\\\/uploads\\\/sites\\\/11\\\/2013\\\/11\\\/xerrada-families2.jpg\",\"datePublished\":\"2013-11-22T12:00:20+00:00\",\"author\":{\"@id\":\"https:\\\/\\\/fundesplai.org\\\/capmenjaralabrossa\\\/#\\\/schema\\\/person\\\/67e7825d8ec54561cc24e36ba6b0f633\"},\"breadcrumb\":{\"@id\":\"https:\\\/\\\/fundesplai.org\\\/capmenjaralabrossa\\\/2013\\\/11\\\/22\\\/lart-de-repartir-el-pastis-xerrada-per-families\\\/#breadcrumb\"},\"inLanguage\":\"ca\",\"potentialAction\":[{\"@type\":\"ReadAction\",\"target\":[\"https:\\\/\\\/fundesplai.org\\\/capmenjaralabrossa\\\/2013\\\/11\\\/22\\\/lart-de-repartir-el-pastis-xerrada-per-families\\\/\"]}]},{\"@type\":\"ImageObject\",\"inLanguage\":\"ca\",\"@id\":\"https:\\\/\\\/fundesplai.org\\\/capmenjaralabrossa\\\/2013\\\/11\\\/22\\\/lart-de-repartir-el-pastis-xerrada-per-families\\\/#primaryimage\",\"url\":\"https:\\\/\\\/fundesplai.org\\\/capmenjaralabrossa\\\/wp-content\\\/uploads\\\/sites\\\/11\\\/2013\\\/11\\\/xerrada-families2.jpg\",\"contentUrl\":\"https:\\\/\\\/fundesplai.org\\\/capmenjaralabrossa\\\/wp-content\\\/uploads\\\/sites\\\/11\\\/2013\\\/11\\\/xerrada-families2.jpg\",\"width\":439,\"height\":621},{\"@type\":\"BreadcrumbList\",\"@id\":\"https:\\\/\\\/fundesplai.org\\\/capmenjaralabrossa\\\/2013\\\/11\\\/22\\\/lart-de-repartir-el-pastis-xerrada-per-families\\\/#breadcrumb\",\"itemListElement\":[{\"@type\":\"ListItem\",\"position\":1,\"name\":\"Inici\",\"item\":\"\\\/\"},{\"@type\":\"ListItem\",\"position\":2,\"name\":\"Cap Menjar a la Brossa\",\"item\":\"https:\\\/\\\/fundesplai.org\\\/capmenjaralabrossa\"},{\"@type\":\"ListItem\",\"position\":3,\"name\":\"L&#8217;art de repartir el past\u00eds. Xerrada per a fam\u00edlies.\"}]},{\"@type\":\"WebSite\",\"@id\":\"https:\\\/\\\/fundesplai.org\\\/capmenjaralabrossa\\\/#website\",\"url\":\"https:\\\/\\\/fundesplai.org\\\/capmenjaralabrossa\\\/\",\"name\":\"Cap Menjar a la Brossa\",\"description\":\"Proposta educativa de Fundesplai\",\"potentialAction\":[{\"@type\":\"SearchAction\",\"target\":{\"@type\":\"EntryPoint\",\"urlTemplate\":\"https:\\\/\\\/fundesplai.org\\\/capmenjaralabrossa\\\/?s={search_term_string}\"},\"query-input\":{\"@type\":\"PropertyValueSpecification\",\"valueRequired\":true,\"valueName\":\"search_term_string\"}}],\"inLanguage\":\"ca\"},{\"@type\":\"Person\",\"@id\":\"https:\\\/\\\/fundesplai.org\\\/capmenjaralabrossa\\\/#\\\/schema\\\/person\\\/67e7825d8ec54561cc24e36ba6b0f633\",\"name\":\"Ferran\",\"image\":{\"@type\":\"ImageObject\",\"inLanguage\":\"ca\",\"@id\":\"https:\\\/\\\/secure.gravatar.com\\\/avatar\\\/a3510350976b58aae6eccd1e36f066b660a69ef63f97fde3cba8205db7db816a?s=96&d=mm&r=g\",\"url\":\"https:\\\/\\\/secure.gravatar.com\\\/avatar\\\/a3510350976b58aae6eccd1e36f066b660a69ef63f97fde3cba8205db7db816a?s=96&d=mm&r=g\",\"contentUrl\":\"https:\\\/\\\/secure.gravatar.com\\\/avatar\\\/a3510350976b58aae6eccd1e36f066b660a69ef63f97fde3cba8205db7db816a?s=96&d=mm&r=g\",\"caption\":\"Ferran\"},\"url\":\"https:\\\/\\\/fundesplai.org\\\/capmenjaralabrossa\\\/author\\\/fvidal\\\/\"}]}<\/script>\n<!-- \/ Yoast SEO plugin. -->","yoast_head_json":{"title":"L'art de repartir el past\u00eds. Xerrada per a fam\u00edlies. - Cap Menjar a la Brossa","robots":{"index":"index","follow":"follow","max-snippet":"max-snippet:-1","max-image-preview":"max-image-preview:large","max-video-preview":"max-video-preview:-1"},"canonical":"https:\/\/fundesplai.org\/capmenjaralabrossa\/2013\/11\/22\/lart-de-repartir-el-pastis-xerrada-per-families\/","og_locale":"ca_ES","og_type":"article","og_title":"L'art de repartir el past\u00eds. Xerrada per a fam\u00edlies. - Cap Menjar a la Brossa","og_description":"Els esplais organitzen xerrades sobre consum per reflexionar al voltant de l&#8217;economia dom\u00e8stica. Forma part de la primera fase de la campanya, de formaci\u00f3 . Aquestes xerrades s&#8217;adrecen principalment a les fam\u00edlies. La primera xerrada: &#8220;l&#8217;art de repartir el past\u00eds&#8221;, \u00a0tindr\u00e0 lloc el proper 27 de novembre, de 19:00 a 20:30h i est\u00e0 organitzada per [&hellip;]","og_url":"https:\/\/fundesplai.org\/capmenjaralabrossa\/2013\/11\/22\/lart-de-repartir-el-pastis-xerrada-per-families\/","og_site_name":"Cap Menjar a la Brossa","article_published_time":"2013-11-22T12:00:20+00:00","og_image":[{"width":439,"height":621,"url":"https:\/\/fundesplai.org\/capmenjaralabrossa\/wp-content\/uploads\/sites\/11\/2013\/11\/xerrada-families2.jpg","type":"image\/jpeg"}],"author":"Ferran","twitter_card":"summary_large_image","twitter_misc":{"Escrit per":"Ferran"},"schema":{"@context":"https:\/\/schema.org","@graph":[{"@type":"Article","@id":"https:\/\/fundesplai.org\/capmenjaralabrossa\/2013\/11\/22\/lart-de-repartir-el-pastis-xerrada-per-families\/#article","isPartOf":{"@id":"https:\/\/fundesplai.org\/capmenjaralabrossa\/2013\/11\/22\/lart-de-repartir-el-pastis-xerrada-per-families\/"},"author":{"name":"Ferran","@id":"https:\/\/fundesplai.org\/capmenjaralabrossa\/#\/schema\/person\/67e7825d8ec54561cc24e36ba6b0f633"},"headline":"L&#8217;art de repartir el past\u00eds. Xerrada per a fam\u00edlies.","datePublished":"2013-11-22T12:00:20+00:00","mainEntityOfPage":{"@id":"https:\/\/fundesplai.org\/capmenjaralabrossa\/2013\/11\/22\/lart-de-repartir-el-pastis-xerrada-per-families\/"},"wordCount":103,"commentCount":0,"image":{"@id":"https:\/\/fundesplai.org\/capmenjaralabrossa\/2013\/11\/22\/lart-de-repartir-el-pastis-xerrada-per-families\/#primaryimage"},"thumbnailUrl":"https:\/\/fundesplai.org\/capmenjaralabrossa\/wp-content\/uploads\/sites\/11\/2013\/11\/xerrada-families2.jpg","articleSection":["Presentaci\u00f3"],"inLanguage":"ca","potentialAction":[{"@type":"CommentAction","name":"Comment","target":["https:\/\/fundesplai.org\/capmenjaralabrossa\/2013\/11\/22\/lart-de-repartir-el-pastis-xerrada-per-families\/#respond"]}]},{"@type":"WebPage","@id":"https:\/\/fundesplai.org\/capmenjaralabrossa\/2013\/11\/22\/lart-de-repartir-el-pastis-xerrada-per-families\/","url":"https:\/\/fundesplai.org\/capmenjaralabrossa\/2013\/11\/22\/lart-de-repartir-el-pastis-xerrada-per-families\/","name":"L'art de repartir el past\u00eds. Xerrada per a fam\u00edlies. - Cap Menjar a la Brossa","isPartOf":{"@id":"https:\/\/fundesplai.org\/capmenjaralabrossa\/#website"},"primaryImageOfPage":{"@id":"https:\/\/fundesplai.org\/capmenjaralabrossa\/2013\/11\/22\/lart-de-repartir-el-pastis-xerrada-per-families\/#primaryimage"},"image":{"@id":"https:\/\/fundesplai.org\/capmenjaralabrossa\/2013\/11\/22\/lart-de-repartir-el-pastis-xerrada-per-families\/#primaryimage"},"thumbnailUrl":"https:\/\/fundesplai.org\/capmenjaralabrossa\/wp-content\/uploads\/sites\/11\/2013\/11\/xerrada-families2.jpg","datePublished":"2013-11-22T12:00:20+00:00","author":{"@id":"https:\/\/fundesplai.org\/capmenjaralabrossa\/#\/schema\/person\/67e7825d8ec54561cc24e36ba6b0f633"},"breadcrumb":{"@id":"https:\/\/fundesplai.org\/capmenjaralabrossa\/2013\/11\/22\/lart-de-repartir-el-pastis-xerrada-per-families\/#breadcrumb"},"inLanguage":"ca","potentialAction":[{"@type":"ReadAction","target":["https:\/\/fundesplai.org\/capmenjaralabrossa\/2013\/11\/22\/lart-de-repartir-el-pastis-xerrada-per-families\/"]}]},{"@type":"ImageObject","inLanguage":"ca","@id":"https:\/\/fundesplai.org\/capmenjaralabrossa\/2013\/11\/22\/lart-de-repartir-el-pastis-xerrada-per-families\/#primaryimage","url":"https:\/\/fundesplai.org\/capmenjaralabrossa\/wp-content\/uploads\/sites\/11\/2013\/11\/xerrada-families2.jpg","contentUrl":"https:\/\/fundesplai.org\/capmenjaralabrossa\/wp-content\/uploads\/sites\/11\/2013\/11\/xerrada-families2.jpg","width":439,"height":621},{"@type":"BreadcrumbList","@id":"https:\/\/fundesplai.org\/capmenjaralabrossa\/2013\/11\/22\/lart-de-repartir-el-pastis-xerrada-per-families\/#breadcrumb","itemListElement":[{"@type":"ListItem","position":1,"name":"Inici","item":"\/"},{"@type":"ListItem","position":2,"name":"Cap Menjar a la Brossa","item":"https:\/\/fundesplai.org\/capmenjaralabrossa"},{"@type":"ListItem","position":3,"name":"L&#8217;art de repartir el past\u00eds. Xerrada per a fam\u00edlies."}]},{"@type":"WebSite","@id":"https:\/\/fundesplai.org\/capmenjaralabrossa\/#website","url":"https:\/\/fundesplai.org\/capmenjaralabrossa\/","name":"Cap Menjar a la Brossa","description":"Proposta educativa de Fundesplai","potentialAction":[{"@type":"SearchAction","target":{"@type":"EntryPoint","urlTemplate":"https:\/\/fundesplai.org\/capmenjaralabrossa\/?s={search_term_string}"},"query-input":{"@type":"PropertyValueSpecification","valueRequired":true,"valueName":"search_term_string"}}],"inLanguage":"ca"},{"@type":"Person","@id":"https:\/\/fundesplai.org\/capmenjaralabrossa\/#\/schema\/person\/67e7825d8ec54561cc24e36ba6b0f633","name":"Ferran","image":{"@type":"ImageObject","inLanguage":"ca","@id":"https:\/\/secure.gravatar.com\/avatar\/a3510350976b58aae6eccd1e36f066b660a69ef63f97fde3cba8205db7db816a?s=96&d=mm&r=g","url":"https:\/\/secure.gravatar.com\/avatar\/a3510350976b58aae6eccd1e36f066b660a69ef63f97fde3cba8205db7db816a?s=96&d=mm&r=g","contentUrl":"https:\/\/secure.gravatar.com\/avatar\/a3510350976b58aae6eccd1e36f066b660a69ef63f97fde3cba8205db7db816a?s=96&d=mm&r=g","caption":"Ferran"},"url":"https:\/\/fundesplai.org\/capmenjaralabrossa\/author\/fvidal\/"}]}},"_links":{"self":[{"href":"https:\/\/fundesplai.org\/capmenjaralabrossa\/wp-json\/wp\/v2\/posts\/397","targetHints":{"allow":["GET"]}}],"collection":[{"href":"https:\/\/fundesplai.org\/capmenjaralabrossa\/wp-json\/wp\/v2\/posts"}],"about":[{"href":"https:\/\/fundesplai.org\/capmenjaralabrossa\/wp-json\/wp\/v2\/types\/post"}],"author":[{"embeddable":true,"href":"https:\/\/fundesplai.org\/capmenjaralabrossa\/wp-json\/wp\/v2\/users\/4"}],"replies":[{"embeddable":true,"href":"https:\/\/fundesplai.org\/capmenjaralabrossa\/wp-json\/wp\/v2\/comments?post=397"}],"version-history":[{"count":0,"href":"https:\/\/fundesplai.org\/capmenjaralabrossa\/wp-json\/wp\/v2\/posts\/397\/revisions"}],"wp:featuredmedia":[{"embeddable":true,"href":"https:\/\/fundesplai.org\/capmenjaralabrossa\/wp-json\/wp\/v2\/media\/398"}],"wp:attachment":[{"href":"https:\/\/fundesplai.org\/capmenjaralabrossa\/wp-json\/wp\/v2\/media?parent=397"}],"wp:term":[{"taxonomy":"category","embeddable":true,"href":"https:\/\/fundesplai.org\/capmenjaralabrossa\/wp-json\/wp\/v2\/categories?post=397"},{"taxonomy":"post_tag","embeddable":true,"href":"https:\/\/fundesplai.org\/capmenjaralabrossa\/wp-json\/wp\/v2\/tags?post=397"}],"curies":[{"name":"wp","href":"https:\/\/api.w.org\/{rel}","templated":true}]}}