{"id":207,"date":"2013-10-24T12:15:22","date_gmt":"2013-10-24T10:15:22","guid":{"rendered":"http:\/\/projectes.fundesplai.org\/capmenjaralabrossa\/?p=207"},"modified":"2013-10-24T12:15:22","modified_gmt":"2013-10-24T10:15:22","slug":"fases-de-la-campanya","status":"publish","type":"post","link":"https:\/\/fundesplai.org\/capmenjaralabrossa\/2013\/10\/24\/fases-de-la-campanya\/","title":{"rendered":"Fases de la campanya"},"content":{"rendered":"<p><strong><a href=\"https:\/\/projectes.fundesplai.org\/capmenjaralabrossa\/wp-content\/uploads\/sites\/9\/2013\/10\/prennota.jpg\"><img loading=\"lazy\" decoding=\"async\" class=\"alignleft size-full wp-image-316\" alt=\"prennota\" src=\"https:\/\/projectes.fundesplai.org\/capmenjaralabrossa\/wp-content\/uploads\/sites\/9\/2013\/10\/prennota.jpg\" width=\"138\" height=\"166\" \/><\/a><\/strong><\/p>\n<p>&nbsp;<\/p>\n<p>&nbsp;<\/p>\n<p><strong>Cap Menjar a la Brossa!<\/strong> es desenvolupar\u00e0 durant el curs 2013 \u2013 2014 en dues fases:<\/p>\n<h3><b>Fase de sensibilitzaci\u00f3 i formaci\u00f3 entorn del tema del malbaratament<\/b><\/h3>\n<p>novembre &#8211; gener<\/p>\n<ul>\n<li><a href=\"https:\/\/projectes.fundesplai.org\/capmenjaralabrossa\/activitats-daprenentatge\/\"><strong>Activitats d\u2019aprenentatge<\/strong><\/a> entorn de quatre q\u00fcestions: com comprem? Com conservem els aliments? Gaudim amb el menjar? Com podem transformar les sobres i els residus que generem?<\/li>\n<li>Activitat especial de tret de sortida de la campanya: <strong><a href=\"https:\/\/projectes.fundesplai.org\/capmenjaralabrossa\/category\/en-accio\/gimcana-digital\/\">Gimcana Digital Cap menjar a la brossa, pels Drets de l&#8217;Infant,<\/a>\u00a0<\/strong>\u00a0on connectem el tema del malbaratament alimentari amb la\u00a0commemoraci\u00f3\u00a0dels Drets de l&#8217;Infant.<\/li>\n<li><strong>Xerrades per a les fam\u00edlies. <\/strong>Espais de reflexi\u00f3 i d&#8217;intercanvi d&#8217;idees.<\/li>\n<li>Participaci\u00f3 en el disseny\u00a0d&#8217;una <strong>campanya comunicativa <\/strong>a trav\u00e9s d&#8217;un\u00a0<strong><a href=\"https:\/\/projectes.fundesplai.org\/capmenjaralabrossa\/category\/en-accio\/concurs-eslogans\/\"> concurs d\u2019 esl\u00f2gans<\/a> i de la <a href=\"https:\/\/projectes.fundesplai.org\/capmenjaralabrossa\/category\/en-accio\/concurs-espots\/\">creaci\u00f3 de v\u00eddeo espots publicitaris. <\/a><\/strong><\/li>\n<\/ul>\n<h3><b>Fase d\u2019accions de conscienciaci\u00f3 i intervenci\u00f3 c\u00edvica a les comunitats<\/b><\/h3>\n<p>gener &#8211; juny<\/p>\n<ul>\n<li>Amb el suport dels materials de\u00a0difusi\u00f3, \u00a0cada una de les entitats i grups participants a la campanya proposaran accions de conscienciaci\u00f3 als seus barris i comunitats.<\/li>\n<\/ul>\n<p>&nbsp;<\/p>\n","protected":false},"excerpt":{"rendered":"<p>&nbsp; &nbsp; Cap Menjar a la Brossa! es desenvolupar\u00e0 durant el curs 2013 \u2013 2014 en dues fases: Fase de sensibilitzaci\u00f3 i formaci\u00f3 entorn del tema del malbaratament novembre &#8211; gener Activitats d\u2019aprenentatge entorn de quatre q\u00fcestions: com comprem? Com conservem els aliments? Gaudim amb el menjar? Com podem transformar les sobres i els residus [&hellip;]<\/p>\n","protected":false},"author":4,"featured_media":316,"comment_status":"open","ping_status":"open","sticky":false,"template":"","format":"standard","meta":{"_et_pb_use_builder":"","_et_pb_old_content":"","_et_gb_content_width":"","footnotes":""},"categories":[22],"tags":[],"class_list":["post-207","post","type-post","status-publish","format-standard","has-post-thumbnail","hentry","category-fases-de-la-campanya"],"yoast_head":"<!-- This site is optimized with the Yoast SEO plugin v27.5 - https:\/\/yoast.com\/product\/yoast-seo-wordpress\/ -->\n<title>Fases de la campanya - Cap Menjar a la Brossa<\/title>\n<meta name=\"robots\" content=\"index, follow, max-snippet:-1, max-image-preview:large, max-video-preview:-1\" \/>\n<link rel=\"canonical\" href=\"https:\/\/fundesplai.org\/capmenjaralabrossa\/2013\/10\/24\/fases-de-la-campanya\/\" \/>\n<meta property=\"og:locale\" content=\"ca_ES\" \/>\n<meta property=\"og:type\" content=\"article\" \/>\n<meta property=\"og:title\" content=\"Fases de la campanya - Cap Menjar a la Brossa\" \/>\n<meta property=\"og:description\" content=\"&nbsp; &nbsp; Cap Menjar a la Brossa! es desenvolupar\u00e0 durant el curs 2013 \u2013 2014 en dues fases: Fase de sensibilitzaci\u00f3 i formaci\u00f3 entorn del tema del malbaratament novembre &#8211; gener Activitats d\u2019aprenentatge entorn de quatre q\u00fcestions: com comprem? Com conservem els aliments? Gaudim amb el menjar? Com podem transformar les sobres i els residus [&hellip;]\" \/>\n<meta property=\"og:url\" content=\"https:\/\/fundesplai.org\/capmenjaralabrossa\/2013\/10\/24\/fases-de-la-campanya\/\" \/>\n<meta property=\"og:site_name\" content=\"Cap Menjar a la Brossa\" \/>\n<meta property=\"article:published_time\" content=\"2013-10-24T10:15:22+00:00\" \/>\n<meta property=\"og:image\" content=\"https:\/\/fundesplai.org\/capmenjaralabrossa\/wp-content\/uploads\/sites\/11\/2013\/10\/prennota.jpg\" \/>\n\t<meta property=\"og:image:width\" content=\"138\" \/>\n\t<meta property=\"og:image:height\" content=\"166\" \/>\n\t<meta property=\"og:image:type\" content=\"image\/jpeg\" \/>\n<meta name=\"author\" content=\"Ferran\" \/>\n<meta name=\"twitter:card\" content=\"summary_large_image\" \/>\n<meta name=\"twitter:label1\" content=\"Escrit per\" \/>\n\t<meta name=\"twitter:data1\" content=\"Ferran\" \/>\n\t<meta name=\"twitter:label2\" content=\"Temps estimat de lectura\" \/>\n\t<meta name=\"twitter:data2\" content=\"1 minut\" \/>\n<script type=\"application\/ld+json\" class=\"yoast-schema-graph\">{\"@context\":\"https:\\\/\\\/schema.org\",\"@graph\":[{\"@type\":\"Article\",\"@id\":\"https:\\\/\\\/fundesplai.org\\\/capmenjaralabrossa\\\/2013\\\/10\\\/24\\\/fases-de-la-campanya\\\/#article\",\"isPartOf\":{\"@id\":\"https:\\\/\\\/fundesplai.org\\\/capmenjaralabrossa\\\/2013\\\/10\\\/24\\\/fases-de-la-campanya\\\/\"},\"author\":{\"name\":\"Ferran\",\"@id\":\"https:\\\/\\\/fundesplai.org\\\/capmenjaralabrossa\\\/#\\\/schema\\\/person\\\/67e7825d8ec54561cc24e36ba6b0f633\"},\"headline\":\"Fases de la campanya\",\"datePublished\":\"2013-10-24T10:15:22+00:00\",\"mainEntityOfPage\":{\"@id\":\"https:\\\/\\\/fundesplai.org\\\/capmenjaralabrossa\\\/2013\\\/10\\\/24\\\/fases-de-la-campanya\\\/\"},\"wordCount\":179,\"commentCount\":2,\"image\":{\"@id\":\"https:\\\/\\\/fundesplai.org\\\/capmenjaralabrossa\\\/2013\\\/10\\\/24\\\/fases-de-la-campanya\\\/#primaryimage\"},\"thumbnailUrl\":\"https:\\\/\\\/fundesplai.org\\\/capmenjaralabrossa\\\/wp-content\\\/uploads\\\/sites\\\/11\\\/2013\\\/10\\\/prennota.jpg\",\"articleSection\":[\"Fases de la campanya\"],\"inLanguage\":\"ca\",\"potentialAction\":[{\"@type\":\"CommentAction\",\"name\":\"Comment\",\"target\":[\"https:\\\/\\\/fundesplai.org\\\/capmenjaralabrossa\\\/2013\\\/10\\\/24\\\/fases-de-la-campanya\\\/#respond\"]}]},{\"@type\":\"WebPage\",\"@id\":\"https:\\\/\\\/fundesplai.org\\\/capmenjaralabrossa\\\/2013\\\/10\\\/24\\\/fases-de-la-campanya\\\/\",\"url\":\"https:\\\/\\\/fundesplai.org\\\/capmenjaralabrossa\\\/2013\\\/10\\\/24\\\/fases-de-la-campanya\\\/\",\"name\":\"Fases de la campanya - Cap Menjar a la Brossa\",\"isPartOf\":{\"@id\":\"https:\\\/\\\/fundesplai.org\\\/capmenjaralabrossa\\\/#website\"},\"primaryImageOfPage\":{\"@id\":\"https:\\\/\\\/fundesplai.org\\\/capmenjaralabrossa\\\/2013\\\/10\\\/24\\\/fases-de-la-campanya\\\/#primaryimage\"},\"image\":{\"@id\":\"https:\\\/\\\/fundesplai.org\\\/capmenjaralabrossa\\\/2013\\\/10\\\/24\\\/fases-de-la-campanya\\\/#primaryimage\"},\"thumbnailUrl\":\"https:\\\/\\\/fundesplai.org\\\/capmenjaralabrossa\\\/wp-content\\\/uploads\\\/sites\\\/11\\\/2013\\\/10\\\/prennota.jpg\",\"datePublished\":\"2013-10-24T10:15:22+00:00\",\"author\":{\"@id\":\"https:\\\/\\\/fundesplai.org\\\/capmenjaralabrossa\\\/#\\\/schema\\\/person\\\/67e7825d8ec54561cc24e36ba6b0f633\"},\"breadcrumb\":{\"@id\":\"https:\\\/\\\/fundesplai.org\\\/capmenjaralabrossa\\\/2013\\\/10\\\/24\\\/fases-de-la-campanya\\\/#breadcrumb\"},\"inLanguage\":\"ca\",\"potentialAction\":[{\"@type\":\"ReadAction\",\"target\":[\"https:\\\/\\\/fundesplai.org\\\/capmenjaralabrossa\\\/2013\\\/10\\\/24\\\/fases-de-la-campanya\\\/\"]}]},{\"@type\":\"ImageObject\",\"inLanguage\":\"ca\",\"@id\":\"https:\\\/\\\/fundesplai.org\\\/capmenjaralabrossa\\\/2013\\\/10\\\/24\\\/fases-de-la-campanya\\\/#primaryimage\",\"url\":\"https:\\\/\\\/fundesplai.org\\\/capmenjaralabrossa\\\/wp-content\\\/uploads\\\/sites\\\/11\\\/2013\\\/10\\\/prennota.jpg\",\"contentUrl\":\"https:\\\/\\\/fundesplai.org\\\/capmenjaralabrossa\\\/wp-content\\\/uploads\\\/sites\\\/11\\\/2013\\\/10\\\/prennota.jpg\",\"width\":138,\"height\":166},{\"@type\":\"BreadcrumbList\",\"@id\":\"https:\\\/\\\/fundesplai.org\\\/capmenjaralabrossa\\\/2013\\\/10\\\/24\\\/fases-de-la-campanya\\\/#breadcrumb\",\"itemListElement\":[{\"@type\":\"ListItem\",\"position\":1,\"name\":\"Inici\",\"item\":\"\\\/\"},{\"@type\":\"ListItem\",\"position\":2,\"name\":\"Cap Menjar a la Brossa\",\"item\":\"https:\\\/\\\/fundesplai.org\\\/capmenjaralabrossa\"},{\"@type\":\"ListItem\",\"position\":3,\"name\":\"Fases de la campanya\"}]},{\"@type\":\"WebSite\",\"@id\":\"https:\\\/\\\/fundesplai.org\\\/capmenjaralabrossa\\\/#website\",\"url\":\"https:\\\/\\\/fundesplai.org\\\/capmenjaralabrossa\\\/\",\"name\":\"Cap Menjar a la Brossa\",\"description\":\"Proposta educativa de Fundesplai\",\"potentialAction\":[{\"@type\":\"SearchAction\",\"target\":{\"@type\":\"EntryPoint\",\"urlTemplate\":\"https:\\\/\\\/fundesplai.org\\\/capmenjaralabrossa\\\/?s={search_term_string}\"},\"query-input\":{\"@type\":\"PropertyValueSpecification\",\"valueRequired\":true,\"valueName\":\"search_term_string\"}}],\"inLanguage\":\"ca\"},{\"@type\":\"Person\",\"@id\":\"https:\\\/\\\/fundesplai.org\\\/capmenjaralabrossa\\\/#\\\/schema\\\/person\\\/67e7825d8ec54561cc24e36ba6b0f633\",\"name\":\"Ferran\",\"image\":{\"@type\":\"ImageObject\",\"inLanguage\":\"ca\",\"@id\":\"https:\\\/\\\/secure.gravatar.com\\\/avatar\\\/a3510350976b58aae6eccd1e36f066b660a69ef63f97fde3cba8205db7db816a?s=96&d=mm&r=g\",\"url\":\"https:\\\/\\\/secure.gravatar.com\\\/avatar\\\/a3510350976b58aae6eccd1e36f066b660a69ef63f97fde3cba8205db7db816a?s=96&d=mm&r=g\",\"contentUrl\":\"https:\\\/\\\/secure.gravatar.com\\\/avatar\\\/a3510350976b58aae6eccd1e36f066b660a69ef63f97fde3cba8205db7db816a?s=96&d=mm&r=g\",\"caption\":\"Ferran\"},\"url\":\"https:\\\/\\\/fundesplai.org\\\/capmenjaralabrossa\\\/author\\\/fvidal\\\/\"}]}<\/script>\n<!-- \/ Yoast SEO plugin. -->","yoast_head_json":{"title":"Fases de la campanya - Cap Menjar a la Brossa","robots":{"index":"index","follow":"follow","max-snippet":"max-snippet:-1","max-image-preview":"max-image-preview:large","max-video-preview":"max-video-preview:-1"},"canonical":"https:\/\/fundesplai.org\/capmenjaralabrossa\/2013\/10\/24\/fases-de-la-campanya\/","og_locale":"ca_ES","og_type":"article","og_title":"Fases de la campanya - Cap Menjar a la Brossa","og_description":"&nbsp; &nbsp; Cap Menjar a la Brossa! es desenvolupar\u00e0 durant el curs 2013 \u2013 2014 en dues fases: Fase de sensibilitzaci\u00f3 i formaci\u00f3 entorn del tema del malbaratament novembre &#8211; gener Activitats d\u2019aprenentatge entorn de quatre q\u00fcestions: com comprem? Com conservem els aliments? Gaudim amb el menjar? Com podem transformar les sobres i els residus [&hellip;]","og_url":"https:\/\/fundesplai.org\/capmenjaralabrossa\/2013\/10\/24\/fases-de-la-campanya\/","og_site_name":"Cap Menjar a la Brossa","article_published_time":"2013-10-24T10:15:22+00:00","og_image":[{"width":138,"height":166,"url":"https:\/\/fundesplai.org\/capmenjaralabrossa\/wp-content\/uploads\/sites\/11\/2013\/10\/prennota.jpg","type":"image\/jpeg"}],"author":"Ferran","twitter_card":"summary_large_image","twitter_misc":{"Escrit per":"Ferran","Temps estimat de lectura":"1 minut"},"schema":{"@context":"https:\/\/schema.org","@graph":[{"@type":"Article","@id":"https:\/\/fundesplai.org\/capmenjaralabrossa\/2013\/10\/24\/fases-de-la-campanya\/#article","isPartOf":{"@id":"https:\/\/fundesplai.org\/capmenjaralabrossa\/2013\/10\/24\/fases-de-la-campanya\/"},"author":{"name":"Ferran","@id":"https:\/\/fundesplai.org\/capmenjaralabrossa\/#\/schema\/person\/67e7825d8ec54561cc24e36ba6b0f633"},"headline":"Fases de la campanya","datePublished":"2013-10-24T10:15:22+00:00","mainEntityOfPage":{"@id":"https:\/\/fundesplai.org\/capmenjaralabrossa\/2013\/10\/24\/fases-de-la-campanya\/"},"wordCount":179,"commentCount":2,"image":{"@id":"https:\/\/fundesplai.org\/capmenjaralabrossa\/2013\/10\/24\/fases-de-la-campanya\/#primaryimage"},"thumbnailUrl":"https:\/\/fundesplai.org\/capmenjaralabrossa\/wp-content\/uploads\/sites\/11\/2013\/10\/prennota.jpg","articleSection":["Fases de la campanya"],"inLanguage":"ca","potentialAction":[{"@type":"CommentAction","name":"Comment","target":["https:\/\/fundesplai.org\/capmenjaralabrossa\/2013\/10\/24\/fases-de-la-campanya\/#respond"]}]},{"@type":"WebPage","@id":"https:\/\/fundesplai.org\/capmenjaralabrossa\/2013\/10\/24\/fases-de-la-campanya\/","url":"https:\/\/fundesplai.org\/capmenjaralabrossa\/2013\/10\/24\/fases-de-la-campanya\/","name":"Fases de la campanya - Cap Menjar a la Brossa","isPartOf":{"@id":"https:\/\/fundesplai.org\/capmenjaralabrossa\/#website"},"primaryImageOfPage":{"@id":"https:\/\/fundesplai.org\/capmenjaralabrossa\/2013\/10\/24\/fases-de-la-campanya\/#primaryimage"},"image":{"@id":"https:\/\/fundesplai.org\/capmenjaralabrossa\/2013\/10\/24\/fases-de-la-campanya\/#primaryimage"},"thumbnailUrl":"https:\/\/fundesplai.org\/capmenjaralabrossa\/wp-content\/uploads\/sites\/11\/2013\/10\/prennota.jpg","datePublished":"2013-10-24T10:15:22+00:00","author":{"@id":"https:\/\/fundesplai.org\/capmenjaralabrossa\/#\/schema\/person\/67e7825d8ec54561cc24e36ba6b0f633"},"breadcrumb":{"@id":"https:\/\/fundesplai.org\/capmenjaralabrossa\/2013\/10\/24\/fases-de-la-campanya\/#breadcrumb"},"inLanguage":"ca","potentialAction":[{"@type":"ReadAction","target":["https:\/\/fundesplai.org\/capmenjaralabrossa\/2013\/10\/24\/fases-de-la-campanya\/"]}]},{"@type":"ImageObject","inLanguage":"ca","@id":"https:\/\/fundesplai.org\/capmenjaralabrossa\/2013\/10\/24\/fases-de-la-campanya\/#primaryimage","url":"https:\/\/fundesplai.org\/capmenjaralabrossa\/wp-content\/uploads\/sites\/11\/2013\/10\/prennota.jpg","contentUrl":"https:\/\/fundesplai.org\/capmenjaralabrossa\/wp-content\/uploads\/sites\/11\/2013\/10\/prennota.jpg","width":138,"height":166},{"@type":"BreadcrumbList","@id":"https:\/\/fundesplai.org\/capmenjaralabrossa\/2013\/10\/24\/fases-de-la-campanya\/#breadcrumb","itemListElement":[{"@type":"ListItem","position":1,"name":"Inici","item":"\/"},{"@type":"ListItem","position":2,"name":"Cap Menjar a la Brossa","item":"https:\/\/fundesplai.org\/capmenjaralabrossa"},{"@type":"ListItem","position":3,"name":"Fases de la campanya"}]},{"@type":"WebSite","@id":"https:\/\/fundesplai.org\/capmenjaralabrossa\/#website","url":"https:\/\/fundesplai.org\/capmenjaralabrossa\/","name":"Cap Menjar a la Brossa","description":"Proposta educativa de Fundesplai","potentialAction":[{"@type":"SearchAction","target":{"@type":"EntryPoint","urlTemplate":"https:\/\/fundesplai.org\/capmenjaralabrossa\/?s={search_term_string}"},"query-input":{"@type":"PropertyValueSpecification","valueRequired":true,"valueName":"search_term_string"}}],"inLanguage":"ca"},{"@type":"Person","@id":"https:\/\/fundesplai.org\/capmenjaralabrossa\/#\/schema\/person\/67e7825d8ec54561cc24e36ba6b0f633","name":"Ferran","image":{"@type":"ImageObject","inLanguage":"ca","@id":"https:\/\/secure.gravatar.com\/avatar\/a3510350976b58aae6eccd1e36f066b660a69ef63f97fde3cba8205db7db816a?s=96&d=mm&r=g","url":"https:\/\/secure.gravatar.com\/avatar\/a3510350976b58aae6eccd1e36f066b660a69ef63f97fde3cba8205db7db816a?s=96&d=mm&r=g","contentUrl":"https:\/\/secure.gravatar.com\/avatar\/a3510350976b58aae6eccd1e36f066b660a69ef63f97fde3cba8205db7db816a?s=96&d=mm&r=g","caption":"Ferran"},"url":"https:\/\/fundesplai.org\/capmenjaralabrossa\/author\/fvidal\/"}]}},"_links":{"self":[{"href":"https:\/\/fundesplai.org\/capmenjaralabrossa\/wp-json\/wp\/v2\/posts\/207","targetHints":{"allow":["GET"]}}],"collection":[{"href":"https:\/\/fundesplai.org\/capmenjaralabrossa\/wp-json\/wp\/v2\/posts"}],"about":[{"href":"https:\/\/fundesplai.org\/capmenjaralabrossa\/wp-json\/wp\/v2\/types\/post"}],"author":[{"embeddable":true,"href":"https:\/\/fundesplai.org\/capmenjaralabrossa\/wp-json\/wp\/v2\/users\/4"}],"replies":[{"embeddable":true,"href":"https:\/\/fundesplai.org\/capmenjaralabrossa\/wp-json\/wp\/v2\/comments?post=207"}],"version-history":[{"count":0,"href":"https:\/\/fundesplai.org\/capmenjaralabrossa\/wp-json\/wp\/v2\/posts\/207\/revisions"}],"wp:featuredmedia":[{"embeddable":true,"href":"https:\/\/fundesplai.org\/capmenjaralabrossa\/wp-json\/wp\/v2\/media\/316"}],"wp:attachment":[{"href":"https:\/\/fundesplai.org\/capmenjaralabrossa\/wp-json\/wp\/v2\/media?parent=207"}],"wp:term":[{"taxonomy":"category","embeddable":true,"href":"https:\/\/fundesplai.org\/capmenjaralabrossa\/wp-json\/wp\/v2\/categories?post=207"},{"taxonomy":"post_tag","embeddable":true,"href":"https:\/\/fundesplai.org\/capmenjaralabrossa\/wp-json\/wp\/v2\/tags?post=207"}],"curies":[{"name":"wp","href":"https:\/\/api.w.org\/{rel}","templated":true}]}}